{"id":4510,"date":"2023-06-22T16:49:23","date_gmt":"2023-06-22T16:49:23","guid":{"rendered":"https:\/\/www.tebesiragaci.com\/?p=4510"},"modified":"2023-06-22T16:49:23","modified_gmt":"2023-06-22T16:49:23","slug":"cocugunuzun-okul-oncesi-egitime-baslama-zamani-geldi","status":"publish","type":"post","link":"http:\/\/www.tebesiragaci.com\/index.php\/2023\/06\/22\/cocugunuzun-okul-oncesi-egitime-baslama-zamani-geldi\/","title":{"rendered":"\u00c7OCU\u011eUNUZUN OKUL \u00d6NCES\u0130 E\u011e\u0130T\u0130ME BA\u015eLAMA ZAMANI GELD\u0130!!!"},"content":{"rendered":"\n<p><\/p>\n\n\n\n<p>&nbsp;\u0130\u015eTE S\u0130ZE BU S\u00dcRE\u00c7TE YARARLANAB\u0130LECE\u011e\u0130N\u0130Z B\u0130R KA\u00c7 \u00d6NER\u0130:<\/p>\n\n\n\n<p>\u00d6NCE S\u0130Z;<\/p>\n\n\n\n<p>\u00c7ocu\u011funuzun okula ba\u015flamas\u0131yla hayat\u0131n\u0131zda yepyeni bir d\u00f6nem ba\u015flar. Evinizin k\u00fc\u00e7\u00fck bireyi de sosyal hayata ilk ad\u0131m\u0131n\u0131 atmak \u00fczeredir art\u0131k. &nbsp;Bir\u00e7ok anne-baban\u0131n \u201cilk okul g\u00fcnleri\u201d \u00e7ocuklar\u0131n\u0131n okulda bir g\u00fcn\u00fc nas\u0131l ge\u00e7irdi\u011fi, neler yapt\u0131\u011f\u0131, ne yedi\u011fi, nas\u0131l uyudu\u011fu, kendilerini \u00f6zledi\u011fi i\u00e7in a\u011flay\u0131p a\u011flamad\u0131\u011f\u0131 gibi bir \u00e7ok soruyla bo\u011fu\u015farak ge\u00e7er. Yani \u00e7ocu\u011fun att\u0131\u011f\u0131 bu ilk ad\u0131m \u201ckendisi i\u00e7in k\u00fc\u00e7\u00fck ama ailesi i\u00e7in b\u00fcy\u00fck bir ad\u0131m\u201da d\u00f6n\u00fc\u015f\u00fcverir birden bire\u2026<\/p>\n\n\n\n<p>Bu s\u00fcreci \u00e7ocuktan \u00e7ok anne-babalar belirler: Bu y\u00fczden \u00c7OCU\u011eUNUZUN OKULA BA\u015eLAMASINA \u00d6NCE S\u0130Z\u0130N HAZIR OLMANIZ GEREKT\u0130\u011e\u0130N\u0130 UNUTMAYIN.&nbsp;<\/p>\n\n\n\n<p>OKULA BA\u015eLAMADAN \u00d6NCEK\u0130 HAZIRLIKLAR:<\/p>\n\n\n\n<p>\u00c7ocu\u011funuzu okul hayat\u0131 hakk\u0131nda bilgilendirin. Bu bilgilendirme s\u0131ras\u0131nda g\u00fcnl\u00fck rutinlerin nas\u0131l olaca\u011f\u0131n\u0131 da anlat\u0131n.<\/p>\n\n\n\n<p>Bu sohbetleriniz s\u0131ras\u0131nda \u00e7ocu\u011funuzu istekli k\u0131lmak i\u00e7in gereksiz vaatlerde bulunmay\u0131n, abart\u0131l\u0131 \u00f6rnekler vermeyin.<\/p>\n\n\n\n<p>\u00c7ocu\u011funuzla yapaca\u011f\u0131n\u0131z bu sohbetlerinizin k\u0131sa, net ve anla\u015f\u0131l\u0131r olmas\u0131na \u00f6zen g\u00f6sterin.<\/p>\n\n\n\n<p>Okulla ilgili \u00f6nceden yapman\u0131z gereken haz\u0131rl\u0131klar\u0131n\u0131z varsa bu haz\u0131rl\u0131klar\u0131 \u00e7ocu\u011funuzla birlikte yap\u0131n.<\/p>\n\n\n\n<p>OKULA UYUM D\u00d6NEM\u0130<\/p>\n\n\n\n<p>\u00c7ocu\u011funuzun okula ba\u015flamas\u0131 ve al\u0131\u015fmas\u0131n\u0131n \u00e7ocu\u011funuzun hayat\u0131nda \u00f6nemli bir ad\u0131m ve b\u00fcy\u00fck bir de\u011fi\u015fim oldu\u011funu unutmay\u0131n. \u0130lk g\u00fcnler ne t\u00fcr tepkiler verirse versin, onu yarg\u0131lamay\u0131n. Deste\u011finizi ondan esirgemeyin.<\/p>\n\n\n\n<p>\u00c7ocu\u011funuzu \u00f6\u011fretmenine teslim ederken vedala\u015fmalar\u0131n\u0131z\u0131n uzun olmamas\u0131na dikkat edin ya da tam tersi \u00e7ocu\u011funuzun herhangi bir \u015feye dalmas\u0131n\u0131 f\u0131rsat bilip ka\u00e7may\u0131n. Siz \u00e7ocu\u011funuzla k\u0131sa s\u00fcrede vedala\u015fmay\u0131 ba\u015faramazsan\u0131z o hi\u00e7 yapamaz.<\/p>\n\n\n\n<p>Vedala\u015f\u0131rken onu rahatlatacak k\u0131sa a\u00e7\u0131klamalar\u0131n\u0131z\u0131 yap\u0131n. Kulland\u0131\u011f\u0131n\u0131z ifadelerde ayr\u0131l\u0131\u015f an\u0131n\u0131 de\u011fil, tekrar bulu\u015fma zaman\u0131n\u0131 vurgulamaya \u00e7al\u0131\u015f\u0131n.&nbsp;<\/p>\n\n\n\n<p>Sizin davran\u0131\u015flar\u0131n\u0131z\u0131n ve yans\u0131tt\u0131\u011f\u0131n\u0131z duygular\u0131n\u0131z\u0131n \u00e7ocu\u011funuz \u00fczerinde ne kadar belirleyici oldu\u011funu unutmay\u0131n. Y\u00fcz\u00fcn\u00fczdeki \u00fcz\u00fcnt\u00fc ifadesi, her an vazge\u00e7meye haz\u0131r karars\u0131z tavr\u0131n\u0131zla \u00e7ocu\u011funuzun rahat bir \u015fekilde al\u0131\u015fmas\u0131n\u0131 bekleyemeyiz.<\/p>\n\n\n\n<p>\u0130lk g\u00fcnler okula istekle ve keyifle gelen ve h\u0131zla al\u0131\u015fan \u00e7ocu\u011funuzun bir s\u00fcre sonra isteksiz olmas\u0131 ve direnmesi durumunda endi\u015felenmeyin. Baz\u0131 \u00e7ocuklar ba\u015flang\u0131\u00e7ta hayatlar\u0131nda olu\u015fan m\u00fcthi\u015f bir de\u011fi\u015fim olarak ba\u015flayan okulun, her g\u00fcn ya\u015fanan bir rutin oldu\u011funu fark ettiklerinde tepki g\u00f6sterebilirler. Bu d\u00fczene al\u0131\u015fmalar\u0131nda \u00e7ocu\u011funuza destek olun.<\/p>\n\n\n\n<p>Eve d\u00f6nd\u00fc\u011f\u00fcnde \u00e7ocu\u011funuzu okulda neler yapt\u0131\u011f\u0131 ile ilgili soru ya\u011fmuruna tutmay\u0131n.<\/p>\n\n\n\n<p>\u00c7ocu\u011funuz \u00fczerinde bir disiplin olu\u015fturmaya \u00e7al\u0131\u015ft\u0131\u011f\u0131n\u0131z durumlarda l\u00fctfen okulu ve \u00f6\u011fretmenleri bir korku fig\u00fcr\u00fc olarak kullanmay\u0131n. \u00c7ocuk korku duydu\u011fu ortama kendi iste\u011fiyle girmek istemeyecektir.<\/p>\n","protected":false},"excerpt":{"rendered":"<p>&nbsp;\u0130\u015eTE S\u0130ZE BU S\u00dcRE\u00c7TE YARARLANAB\u0130LECE\u011e\u0130N\u0130Z B\u0130R KA\u00c7 \u00d6NER\u0130: \u00d6NCE S\u0130Z; \u00c7ocu\u011funuzun okula ba\u015flamas\u0131yla hayat\u0131n\u0131zda yepyeni bir d\u00f6nem ba\u015flar. Evinizin k\u00fc\u00e7\u00fck &hellip; <\/p>\n","protected":false},"author":1,"featured_media":0,"comment_status":"closed","ping_status":"open","sticky":false,"template":"","format":"standard","meta":[],"categories":[1],"tags":[],"_links":{"self":[{"href":"http:\/\/www.tebesiragaci.com\/index.php\/wp-json\/wp\/v2\/posts\/4510"}],"collection":[{"href":"http:\/\/www.tebesiragaci.com\/index.php\/wp-json\/wp\/v2\/posts"}],"about":[{"href":"http:\/\/www.tebesiragaci.com\/index.php\/wp-json\/wp\/v2\/types\/post"}],"author":[{"embeddable":true,"href":"http:\/\/www.tebesiragaci.com\/index.php\/wp-json\/wp\/v2\/users\/1"}],"replies":[{"embeddable":true,"href":"http:\/\/www.tebesiragaci.com\/index.php\/wp-json\/wp\/v2\/comments?post=4510"}],"version-history":[{"count":2,"href":"http:\/\/www.tebesiragaci.com\/index.php\/wp-json\/wp\/v2\/posts\/4510\/revisions"}],"predecessor-version":[{"id":4512,"href":"http:\/\/www.tebesiragaci.com\/index.php\/wp-json\/wp\/v2\/posts\/4510\/revisions\/4512"}],"wp:attachment":[{"href":"http:\/\/www.tebesiragaci.com\/index.php\/wp-json\/wp\/v2\/media?parent=4510"}],"wp:term":[{"taxonomy":"category","embeddable":true,"href":"http:\/\/www.tebesiragaci.com\/index.php\/wp-json\/wp\/v2\/categories?post=4510"},{"taxonomy":"post_tag","embeddable":true,"href":"http:\/\/www.tebesiragaci.com\/index.php\/wp-json\/wp\/v2\/tags?post=4510"}],"curies":[{"name":"wp","href":"https:\/\/api.w.org\/{rel}","templated":true}]}}